{"id":16124,"date":"2025-02-04T10:16:03","date_gmt":"2025-02-04T09:16:03","guid":{"rendered":"https:\/\/www.marfret.com\/sin-categorizar\/marfret-iza-aun-mas-alto-las-velas-de-la-innovacion\/"},"modified":"2025-02-04T10:16:03","modified_gmt":"2025-02-04T09:16:03","slug":"marfret-iza-aun-mas-alto-las-velas-de-la-innovacion","status":"publish","type":"post","link":"https:\/\/www.marfret.com\/es\/news-es\/marfret-iza-aun-mas-alto-las-velas-de-la-innovacion\/","title":{"rendered":"\u00a1Marfret iza a\u00fan m\u00e1s alto las velas de la innovaci\u00f3n!"},"content":{"rendered":"\n<p><strong>\u00a1Marfret iza a\u00fan m\u00e1s alto las velas de la innovaci\u00f3n!<\/strong><\/p>\n\n<p>Hemos alcanzado un nuevo hito en nuestro camino hacia la innovaci\u00f3n: el Marfret Niolon ha reemplazado sus Ventifoils\u00ae por VentoFoils\u00ae. Una evoluci\u00f3n que forma parte de nuestra misi\u00f3n de hacer el transporte mar\u00edtimo m\u00e1s sostenible.<\/p>\n\n<p>\u00a1El viento sopla hacia el futuro del shipping!<\/p>\n\n<p>Estas nuevas velas r\u00edgidas <em>Econowind<\/em> aportan mejoras significativas en t\u00e9rminos de rendimiento y sostenibilidad. Gracias a su dise\u00f1o optimizado, logramos un aumento del 10% en la fuerza de tracci\u00f3n, reduciendo a\u00fan m\u00e1s el consumo de combustible.&#13;\nM\u00e1s resistentes, ahora pueden utilizarse con vientos de hasta 35 nudos (frente a los 22 nudos de los Ventifoils\u00ae), lo que permite un mejor aprovechamiento de los vientos alisios a lo largo de la ruta.<\/p>\n\n<br\/><br\/><br\/>\n\n<p>\ud83d\udd39 Moins de pi\u00e8ces mobiles, pour une maintenance simplifi\u00e9e et une meilleure long\u00e9vit\u00e9.<br\/>\ud83d\udd39 A\u00e9rodynamisme optimis\u00e9, pour un rendement maximal en propulsion.<br\/>\ud83d\udd39 Plus de puissance, moins de consommation, gr\u00e2ce \u00e0 une conception encore plus efficace.<\/p>\n\n<p><strong>El <em>Marfret Niolon<\/em>: nuestro laboratorio flotante de innovaci\u00f3n<\/strong><\/p>\n\n<p>El Marfret Niolon no es un barco cualquiera: representa nuestro compromiso con la innovaci\u00f3n sostenible. En su ruta que conecta el norte de Europa, Guayana Francesa y el Caribe a trav\u00e9s de nuestro servicio MPP (Multipurpose), aprovecha al m\u00e1ximo los vientos alisios para potenciar la propulsi\u00f3n e\u00f3lica y mejorar su eficiencia energ\u00e9tica.<\/p>\n\n<p>El buque tambi\u00e9n est\u00e1 equipado con tecnolog\u00edas de vanguardia, como el weather routing combinado con un gemelo digital, en colaboraci\u00f3n con Syroco, para anticipar y optimizar mejor las condiciones de navegaci\u00f3n.<\/p>\n\n<p>Estos avances reflejan nuestra determinaci\u00f3n de reducir nuestra huella de carbono y hacer nuestras operaciones cada vez m\u00e1s eficientes y responsables.<\/p>\n","protected":false},"excerpt":{"rendered":"<p>\u00a1Marfret iza a\u00fan m\u00e1s alto las velas de la innovaci\u00f3n! Hemos alcanzado un nuevo hito en nuestro camino hacia la innovaci\u00f3n: el Marfret Niolon ha reemplazado sus Ventifoils\u00ae por VentoFoils\u00ae. Una evoluci\u00f3n que forma parte de nuestra misi\u00f3n de hacer el transporte mar\u00edtimo m\u00e1s sostenible. \u00a1El viento sopla hacia el futuro del shipping! Estas nuevas [&hellip;]<\/p>\n","protected":false},"author":32,"featured_media":16076,"comment_status":"closed","ping_status":"closed","sticky":false,"template":"","format":"standard","meta":{"_acf_changed":false,"footnotes":""},"categories":[460,398,354],"tags":[],"class_list":["post-16124","post","type-post","status-publish","format-standard","has-post-thumbnail","hentry","category-home-es","category-mis-en-avant-es","category-news-es"],"acf":[],"yoast_head":"<!-- This site is optimized with the Yoast SEO plugin v27.5 - https:\/\/yoast.com\/product\/yoast-seo-wordpress\/ -->\n<title>\u00a1Marfret iza a\u00fan m\u00e1s alto las velas de la innovaci\u00f3n! | Marfret<\/title>\n<meta name=\"description\" content=\"News Home, Mis en avant, News, \u00a1Marfret iza a\u00fan m\u00e1s alto las velas de la innovaci\u00f3n! | Marfret\" \/>\n<meta name=\"robots\" content=\"index, follow, max-snippet:-1, max-image-preview:large, max-video-preview:-1\" \/>\n<link rel=\"canonical\" href=\"https:\/\/www.marfret.com\/es\/news-es\/marfret-iza-aun-mas-alto-las-velas-de-la-innovacion\/\" \/>\n<meta property=\"og:locale\" content=\"es_ES\" \/>\n<meta property=\"og:type\" content=\"article\" \/>\n<meta property=\"og:title\" content=\"\u00a1Marfret iza a\u00fan m\u00e1s alto las velas de la innovaci\u00f3n! | Marfret\" \/>\n<meta property=\"og:description\" content=\"News Home, Mis en avant, News, \u00a1Marfret iza a\u00fan m\u00e1s alto las velas de la innovaci\u00f3n! | Marfret\" \/>\n<meta property=\"og:url\" content=\"https:\/\/www.marfret.com\/es\/news-es\/marfret-iza-aun-mas-alto-las-velas-de-la-innovacion\/\" \/>\n<meta property=\"og:site_name\" content=\"Marfret\" \/>\n<meta property=\"article:published_time\" content=\"2025-02-04T09:16:03+00:00\" \/>\n<meta property=\"og:image\" content=\"https:\/\/www.marfret.com\/app\/uploads\/2025\/02\/ventofoils-marfret-niolon-scaled.jpg\" \/>\n\t<meta property=\"og:image:width\" content=\"2560\" \/>\n\t<meta property=\"og:image:height\" content=\"1705\" \/>\n\t<meta property=\"og:image:type\" content=\"image\/jpeg\" \/>\n<meta name=\"author\" content=\"e-partenaire\" \/>\n<meta name=\"twitter:card\" content=\"summary_large_image\" \/>\n<meta name=\"twitter:label1\" content=\"Written by\" \/>\n\t<meta name=\"twitter:data1\" content=\"e-partenaire\" \/>\n\t<meta name=\"twitter:label2\" content=\"Est. reading time\" \/>\n\t<meta name=\"twitter:data2\" content=\"1 minute\" \/>\n<script type=\"application\/ld+json\" class=\"yoast-schema-graph\">{\"@context\":\"https:\\\/\\\/schema.org\",\"@graph\":[{\"@type\":\"Article\",\"@id\":\"https:\\\/\\\/www.marfret.com\\\/es\\\/news-es\\\/marfret-iza-aun-mas-alto-las-velas-de-la-innovacion\\\/#article\",\"isPartOf\":{\"@id\":\"https:\\\/\\\/www.marfret.com\\\/es\\\/news-es\\\/marfret-iza-aun-mas-alto-las-velas-de-la-innovacion\\\/\"},\"author\":{\"name\":\"e-partenaire\",\"@id\":\"https:\\\/\\\/www.marfret.com\\\/#\\\/schema\\\/person\\\/0222a756fb5fd1c6ed9239a860c24984\"},\"headline\":\"\u00a1Marfret iza a\u00fan m\u00e1s alto las velas de la innovaci\u00f3n!\",\"datePublished\":\"2025-02-04T09:16:03+00:00\",\"mainEntityOfPage\":{\"@id\":\"https:\\\/\\\/www.marfret.com\\\/es\\\/news-es\\\/marfret-iza-aun-mas-alto-las-velas-de-la-innovacion\\\/\"},\"wordCount\":311,\"image\":{\"@id\":\"https:\\\/\\\/www.marfret.com\\\/es\\\/news-es\\\/marfret-iza-aun-mas-alto-las-velas-de-la-innovacion\\\/#primaryimage\"},\"thumbnailUrl\":\"https:\\\/\\\/www.marfret.com\\\/app\\\/uploads\\\/2025\\\/02\\\/ventofoils-marfret-niolon-scaled.jpg\",\"articleSection\":[\"Home\",\"Mis en avant\",\"News\"],\"inLanguage\":\"es-ES\"},{\"@type\":\"WebPage\",\"@id\":\"https:\\\/\\\/www.marfret.com\\\/es\\\/news-es\\\/marfret-iza-aun-mas-alto-las-velas-de-la-innovacion\\\/\",\"url\":\"https:\\\/\\\/www.marfret.com\\\/es\\\/news-es\\\/marfret-iza-aun-mas-alto-las-velas-de-la-innovacion\\\/\",\"name\":\"\u00a1Marfret iza a\u00fan m\u00e1s alto las velas de la innovaci\u00f3n! | Marfret\",\"isPartOf\":{\"@id\":\"https:\\\/\\\/www.marfret.com\\\/#website\"},\"primaryImageOfPage\":{\"@id\":\"https:\\\/\\\/www.marfret.com\\\/es\\\/news-es\\\/marfret-iza-aun-mas-alto-las-velas-de-la-innovacion\\\/#primaryimage\"},\"image\":{\"@id\":\"https:\\\/\\\/www.marfret.com\\\/es\\\/news-es\\\/marfret-iza-aun-mas-alto-las-velas-de-la-innovacion\\\/#primaryimage\"},\"thumbnailUrl\":\"https:\\\/\\\/www.marfret.com\\\/app\\\/uploads\\\/2025\\\/02\\\/ventofoils-marfret-niolon-scaled.jpg\",\"datePublished\":\"2025-02-04T09:16:03+00:00\",\"author\":{\"@id\":\"https:\\\/\\\/www.marfret.com\\\/#\\\/schema\\\/person\\\/0222a756fb5fd1c6ed9239a860c24984\"},\"description\":\"News Home, Mis en avant, News, \u00a1Marfret iza a\u00fan m\u00e1s alto las velas de la innovaci\u00f3n! | Marfret\",\"breadcrumb\":{\"@id\":\"https:\\\/\\\/www.marfret.com\\\/es\\\/news-es\\\/marfret-iza-aun-mas-alto-las-velas-de-la-innovacion\\\/#breadcrumb\"},\"inLanguage\":\"es-ES\",\"potentialAction\":[{\"@type\":\"ReadAction\",\"target\":[\"https:\\\/\\\/www.marfret.com\\\/es\\\/news-es\\\/marfret-iza-aun-mas-alto-las-velas-de-la-innovacion\\\/\"]}]},{\"@type\":\"ImageObject\",\"inLanguage\":\"es-ES\",\"@id\":\"https:\\\/\\\/www.marfret.com\\\/es\\\/news-es\\\/marfret-iza-aun-mas-alto-las-velas-de-la-innovacion\\\/#primaryimage\",\"url\":\"https:\\\/\\\/www.marfret.com\\\/app\\\/uploads\\\/2025\\\/02\\\/ventofoils-marfret-niolon-scaled.jpg\",\"contentUrl\":\"https:\\\/\\\/www.marfret.com\\\/app\\\/uploads\\\/2025\\\/02\\\/ventofoils-marfret-niolon-scaled.jpg\",\"width\":2560,\"height\":1705},{\"@type\":\"BreadcrumbList\",\"@id\":\"https:\\\/\\\/www.marfret.com\\\/es\\\/news-es\\\/marfret-iza-aun-mas-alto-las-velas-de-la-innovacion\\\/#breadcrumb\",\"itemListElement\":[{\"@type\":\"ListItem\",\"position\":1,\"name\":\"Accueil\",\"item\":\"https:\\\/\\\/www.marfret.com\\\/es\\\/\"},{\"@type\":\"ListItem\",\"position\":2,\"name\":\"News\",\"item\":\"https:\\\/\\\/www.marfret.com\\\/es\\\/news-es\\\/\"},{\"@type\":\"ListItem\",\"position\":3,\"name\":\"Home\",\"item\":\"https:\\\/\\\/www.marfret.com\\\/es\\\/news-es\\\/home-es\\\/\"},{\"@type\":\"ListItem\",\"position\":4,\"name\":\"\u00a1Marfret iza a\u00fan m\u00e1s alto las velas de la innovaci\u00f3n!\"}]},{\"@type\":\"WebSite\",\"@id\":\"https:\\\/\\\/www.marfret.com\\\/#website\",\"url\":\"https:\\\/\\\/www.marfret.com\\\/\",\"name\":\"Marfret\",\"description\":\"Compagnie maritime\",\"potentialAction\":[{\"@type\":\"SearchAction\",\"target\":{\"@type\":\"EntryPoint\",\"urlTemplate\":\"https:\\\/\\\/www.marfret.com\\\/?s={search_term_string}\"},\"query-input\":{\"@type\":\"PropertyValueSpecification\",\"valueRequired\":true,\"valueName\":\"search_term_string\"}}],\"inLanguage\":\"es-ES\"},{\"@type\":\"Person\",\"@id\":\"https:\\\/\\\/www.marfret.com\\\/#\\\/schema\\\/person\\\/0222a756fb5fd1c6ed9239a860c24984\",\"name\":\"e-partenaire\",\"image\":{\"@type\":\"ImageObject\",\"inLanguage\":\"es-ES\",\"@id\":\"https:\\\/\\\/secure.gravatar.com\\\/avatar\\\/1b849bb6e73e6a079ea6ad8ba261dd6080fef2e930aa48229b7ad6d2aef2f8ad?s=96&d=mm&r=g\",\"url\":\"https:\\\/\\\/secure.gravatar.com\\\/avatar\\\/1b849bb6e73e6a079ea6ad8ba261dd6080fef2e930aa48229b7ad6d2aef2f8ad?s=96&d=mm&r=g\",\"contentUrl\":\"https:\\\/\\\/secure.gravatar.com\\\/avatar\\\/1b849bb6e73e6a079ea6ad8ba261dd6080fef2e930aa48229b7ad6d2aef2f8ad?s=96&d=mm&r=g\",\"caption\":\"e-partenaire\"},\"url\":\"https:\\\/\\\/www.marfret.com\\\/es\\\/author\\\/e-partenaire\\\/\"}]}<\/script>\n<!-- \/ Yoast SEO plugin. -->","yoast_head_json":{"title":"\u00a1Marfret iza a\u00fan m\u00e1s alto las velas de la innovaci\u00f3n! | Marfret","description":"News Home, Mis en avant, News, \u00a1Marfret iza a\u00fan m\u00e1s alto las velas de la innovaci\u00f3n! | Marfret","robots":{"index":"index","follow":"follow","max-snippet":"max-snippet:-1","max-image-preview":"max-image-preview:large","max-video-preview":"max-video-preview:-1"},"canonical":"https:\/\/www.marfret.com\/es\/news-es\/marfret-iza-aun-mas-alto-las-velas-de-la-innovacion\/","og_locale":"es_ES","og_type":"article","og_title":"\u00a1Marfret iza a\u00fan m\u00e1s alto las velas de la innovaci\u00f3n! | Marfret","og_description":"News Home, Mis en avant, News, \u00a1Marfret iza a\u00fan m\u00e1s alto las velas de la innovaci\u00f3n! | Marfret","og_url":"https:\/\/www.marfret.com\/es\/news-es\/marfret-iza-aun-mas-alto-las-velas-de-la-innovacion\/","og_site_name":"Marfret","article_published_time":"2025-02-04T09:16:03+00:00","og_image":[{"width":2560,"height":1705,"url":"https:\/\/www.marfret.com\/app\/uploads\/2025\/02\/ventofoils-marfret-niolon-scaled.jpg","type":"image\/jpeg"}],"author":"e-partenaire","twitter_card":"summary_large_image","twitter_misc":{"Written by":"e-partenaire","Est. reading time":"1 minute"},"schema":{"@context":"https:\/\/schema.org","@graph":[{"@type":"Article","@id":"https:\/\/www.marfret.com\/es\/news-es\/marfret-iza-aun-mas-alto-las-velas-de-la-innovacion\/#article","isPartOf":{"@id":"https:\/\/www.marfret.com\/es\/news-es\/marfret-iza-aun-mas-alto-las-velas-de-la-innovacion\/"},"author":{"name":"e-partenaire","@id":"https:\/\/www.marfret.com\/#\/schema\/person\/0222a756fb5fd1c6ed9239a860c24984"},"headline":"\u00a1Marfret iza a\u00fan m\u00e1s alto las velas de la innovaci\u00f3n!","datePublished":"2025-02-04T09:16:03+00:00","mainEntityOfPage":{"@id":"https:\/\/www.marfret.com\/es\/news-es\/marfret-iza-aun-mas-alto-las-velas-de-la-innovacion\/"},"wordCount":311,"image":{"@id":"https:\/\/www.marfret.com\/es\/news-es\/marfret-iza-aun-mas-alto-las-velas-de-la-innovacion\/#primaryimage"},"thumbnailUrl":"https:\/\/www.marfret.com\/app\/uploads\/2025\/02\/ventofoils-marfret-niolon-scaled.jpg","articleSection":["Home","Mis en avant","News"],"inLanguage":"es-ES"},{"@type":"WebPage","@id":"https:\/\/www.marfret.com\/es\/news-es\/marfret-iza-aun-mas-alto-las-velas-de-la-innovacion\/","url":"https:\/\/www.marfret.com\/es\/news-es\/marfret-iza-aun-mas-alto-las-velas-de-la-innovacion\/","name":"\u00a1Marfret iza a\u00fan m\u00e1s alto las velas de la innovaci\u00f3n! | Marfret","isPartOf":{"@id":"https:\/\/www.marfret.com\/#website"},"primaryImageOfPage":{"@id":"https:\/\/www.marfret.com\/es\/news-es\/marfret-iza-aun-mas-alto-las-velas-de-la-innovacion\/#primaryimage"},"image":{"@id":"https:\/\/www.marfret.com\/es\/news-es\/marfret-iza-aun-mas-alto-las-velas-de-la-innovacion\/#primaryimage"},"thumbnailUrl":"https:\/\/www.marfret.com\/app\/uploads\/2025\/02\/ventofoils-marfret-niolon-scaled.jpg","datePublished":"2025-02-04T09:16:03+00:00","author":{"@id":"https:\/\/www.marfret.com\/#\/schema\/person\/0222a756fb5fd1c6ed9239a860c24984"},"description":"News Home, Mis en avant, News, \u00a1Marfret iza a\u00fan m\u00e1s alto las velas de la innovaci\u00f3n! | Marfret","breadcrumb":{"@id":"https:\/\/www.marfret.com\/es\/news-es\/marfret-iza-aun-mas-alto-las-velas-de-la-innovacion\/#breadcrumb"},"inLanguage":"es-ES","potentialAction":[{"@type":"ReadAction","target":["https:\/\/www.marfret.com\/es\/news-es\/marfret-iza-aun-mas-alto-las-velas-de-la-innovacion\/"]}]},{"@type":"ImageObject","inLanguage":"es-ES","@id":"https:\/\/www.marfret.com\/es\/news-es\/marfret-iza-aun-mas-alto-las-velas-de-la-innovacion\/#primaryimage","url":"https:\/\/www.marfret.com\/app\/uploads\/2025\/02\/ventofoils-marfret-niolon-scaled.jpg","contentUrl":"https:\/\/www.marfret.com\/app\/uploads\/2025\/02\/ventofoils-marfret-niolon-scaled.jpg","width":2560,"height":1705},{"@type":"BreadcrumbList","@id":"https:\/\/www.marfret.com\/es\/news-es\/marfret-iza-aun-mas-alto-las-velas-de-la-innovacion\/#breadcrumb","itemListElement":[{"@type":"ListItem","position":1,"name":"Accueil","item":"https:\/\/www.marfret.com\/es\/"},{"@type":"ListItem","position":2,"name":"News","item":"https:\/\/www.marfret.com\/es\/news-es\/"},{"@type":"ListItem","position":3,"name":"Home","item":"https:\/\/www.marfret.com\/es\/news-es\/home-es\/"},{"@type":"ListItem","position":4,"name":"\u00a1Marfret iza a\u00fan m\u00e1s alto las velas de la innovaci\u00f3n!"}]},{"@type":"WebSite","@id":"https:\/\/www.marfret.com\/#website","url":"https:\/\/www.marfret.com\/","name":"Marfret","description":"Compagnie maritime","potentialAction":[{"@type":"SearchAction","target":{"@type":"EntryPoint","urlTemplate":"https:\/\/www.marfret.com\/?s={search_term_string}"},"query-input":{"@type":"PropertyValueSpecification","valueRequired":true,"valueName":"search_term_string"}}],"inLanguage":"es-ES"},{"@type":"Person","@id":"https:\/\/www.marfret.com\/#\/schema\/person\/0222a756fb5fd1c6ed9239a860c24984","name":"e-partenaire","image":{"@type":"ImageObject","inLanguage":"es-ES","@id":"https:\/\/secure.gravatar.com\/avatar\/1b849bb6e73e6a079ea6ad8ba261dd6080fef2e930aa48229b7ad6d2aef2f8ad?s=96&d=mm&r=g","url":"https:\/\/secure.gravatar.com\/avatar\/1b849bb6e73e6a079ea6ad8ba261dd6080fef2e930aa48229b7ad6d2aef2f8ad?s=96&d=mm&r=g","contentUrl":"https:\/\/secure.gravatar.com\/avatar\/1b849bb6e73e6a079ea6ad8ba261dd6080fef2e930aa48229b7ad6d2aef2f8ad?s=96&d=mm&r=g","caption":"e-partenaire"},"url":"https:\/\/www.marfret.com\/es\/author\/e-partenaire\/"}]}},"_links":{"self":[{"href":"https:\/\/www.marfret.com\/es\/wp-json\/wp\/v2\/posts\/16124","targetHints":{"allow":["GET"]}}],"collection":[{"href":"https:\/\/www.marfret.com\/es\/wp-json\/wp\/v2\/posts"}],"about":[{"href":"https:\/\/www.marfret.com\/es\/wp-json\/wp\/v2\/types\/post"}],"author":[{"embeddable":true,"href":"https:\/\/www.marfret.com\/es\/wp-json\/wp\/v2\/users\/32"}],"replies":[{"embeddable":true,"href":"https:\/\/www.marfret.com\/es\/wp-json\/wp\/v2\/comments?post=16124"}],"version-history":[{"count":1,"href":"https:\/\/www.marfret.com\/es\/wp-json\/wp\/v2\/posts\/16124\/revisions"}],"predecessor-version":[{"id":16125,"href":"https:\/\/www.marfret.com\/es\/wp-json\/wp\/v2\/posts\/16124\/revisions\/16125"}],"wp:featuredmedia":[{"embeddable":true,"href":"https:\/\/www.marfret.com\/es\/wp-json\/wp\/v2\/media\/16076"}],"wp:attachment":[{"href":"https:\/\/www.marfret.com\/es\/wp-json\/wp\/v2\/media?parent=16124"}],"wp:term":[{"taxonomy":"category","embeddable":true,"href":"https:\/\/www.marfret.com\/es\/wp-json\/wp\/v2\/categories?post=16124"},{"taxonomy":"post_tag","embeddable":true,"href":"https:\/\/www.marfret.com\/es\/wp-json\/wp\/v2\/tags?post=16124"}],"curies":[{"name":"wp","href":"https:\/\/api.w.org\/{rel}","templated":true}]}}