{"id":12933,"date":"2024-07-17T10:02:47","date_gmt":"2024-07-17T08:02:47","guid":{"rendered":"https:\/\/www.marfret.com\/sin-categorizar\/exposicion-42-jours-yvan-salomone-del-25-de-junio-al-6-de-septiembre-de-2024\/"},"modified":"2024-07-23T16:47:04","modified_gmt":"2024-07-23T14:47:04","slug":"exposicion-42-jours-yvan-salomone-del-25-de-junio-al-6-de-septiembre-de-2024","status":"publish","type":"post","link":"https:\/\/www.marfret.com\/es\/news-es\/mis-en-avant-es\/exposicion-42-jours-yvan-salomone-del-25-de-junio-al-6-de-septiembre-de-2024\/","title":{"rendered":"EXPOSICI\u00d3N 42 JOURS, YVAN SALOMONE, DEL 25 DE JUNIO AL 6 DE SEPTIEMBRE DE 2024"},"content":{"rendered":"<p>Marfret presenta la exposici\u00f3n inaugural de su galer\u00eda en el 13 Quai de la Joliette (13002 Marsella).<\/p>\n<p>42 <em>jours<\/em>, Yvan Salomone, del 25 de junio al 6 de septiembre de 2024<\/p>\n<p>Entrada libre de lunes a viernes de 12h a 17h30<\/p>\n<p>Reserva obligatoria para grupos al 04 91 56 91 00<\/p>\n<p>42 <em>jours\u00a0<\/em>es el fruto de la residencia del artista Yvan Salomone, iniciada en Le Havre en noviembre de 2019 a bordo del portacontenedores <em>Marfret Guyane<\/em>. Una doble traves\u00eda del Atl\u00e1ntico en 42 d\u00edas y 11 escalas, con destino a Brasil, durante las cuales comparti\u00f3 el d\u00eda a d\u00eda de los 22 tripulantes y fue testigo de un ballet muy singular, entre hombres y m\u00e1quinas.<\/p>\n<p>\u00abDe este viaje de varias semanas, Salomone no trajo ning\u00fan relato documental, ning\u00fan reportaje sobre la vida de los marineros, las fortunas e infortunios del mar, ninguna historia fant\u00e1stica ni ninguna an\u00e9cdota aterradora o c\u00f3mica: [sino] doce acuarelas y una pel\u00edcula cautivadora de un poco m\u00e1s de una hora cuarenta [\u2026] Las acuarelas no fueron pintadas a bordo sino al regreso, a partir de fotograf\u00edas o planos de pel\u00edcula, conforme al m\u00e9todo empleado por el artista desde 1991: nada las diferencia fundamentalmente del resto de su obra.\u00bb Didier Semin<\/p>\n<p>Descubrir el trabajo de Yvan Salomone: <a href=\"https:\/\/ddabretagne.org\/fr\/artistes\/yvan-salomone\/oeuvres\" target=\"_new\" rel=\"noreferrer noopener\">https:\/\/ddabretagne.org\/fr\/artistes\/yvan-salomone\/oeuvres<\/a><\/p>\n<p>Una producci\u00f3n de Parall\u00e8le para Marfret.<\/p>\n","protected":false},"excerpt":{"rendered":"<p>Marfret presenta la exposici\u00f3n inaugural de su galer\u00eda en el 13 Quai de la Joliette (13002 Marsella). 42 jours, Yvan Salomone, del 25 de junio al 6 de septiembre de 2024 Entrada libre de lunes a viernes de 12h a 17h30 Reserva obligatoria para grupos al 04 91 56 91 00 42 jours\u00a0es el fruto [&hellip;]<\/p>\n","protected":false},"author":35,"featured_media":12934,"comment_status":"closed","ping_status":"closed","sticky":false,"template":"","format":"standard","meta":{"_acf_changed":false,"footnotes":""},"categories":[398,354,397],"tags":[],"class_list":["post-12933","post","type-post","status-publish","format-standard","has-post-thumbnail","hentry","category-mis-en-avant-es","category-news-es","category-transport-maritime"],"acf":[],"yoast_head":"<!-- This site is optimized with the Yoast SEO plugin v27.5 - https:\/\/yoast.com\/product\/yoast-seo-wordpress\/ -->\n<title>EXPOSICI\u00d3N 42 JOURS, YVAN SALOMONE, DEL 25 DE JUNIO AL 6 DE SEPTIEMBRE DE 2024 | Marfret<\/title>\n<meta name=\"description\" content=\"News Mis en avant, News, Transport maritime, EXPOSICI\u00d3N 42 JOURS, YVAN SALOMONE, DEL 25 DE JUNIO AL 6 DE SEPTIEMBRE DE 2024 | Marfret\" \/>\n<meta name=\"robots\" content=\"index, follow, max-snippet:-1, max-image-preview:large, max-video-preview:-1\" \/>\n<link rel=\"canonical\" href=\"https:\/\/www.marfret.com\/es\/news-es\/mis-en-avant-es\/exposicion-42-jours-yvan-salomone-del-25-de-junio-al-6-de-septiembre-de-2024\/\" \/>\n<meta property=\"og:locale\" content=\"es_ES\" \/>\n<meta property=\"og:type\" content=\"article\" \/>\n<meta property=\"og:title\" content=\"EXPOSICI\u00d3N 42 JOURS, YVAN SALOMONE, DEL 25 DE JUNIO AL 6 DE SEPTIEMBRE DE 2024 | Marfret\" \/>\n<meta property=\"og:description\" content=\"News Mis en avant, News, Transport maritime, EXPOSICI\u00d3N 42 JOURS, YVAN SALOMONE, DEL 25 DE JUNIO AL 6 DE SEPTIEMBRE DE 2024 | Marfret\" \/>\n<meta property=\"og:url\" content=\"https:\/\/www.marfret.com\/es\/news-es\/mis-en-avant-es\/exposicion-42-jours-yvan-salomone-del-25-de-junio-al-6-de-septiembre-de-2024\/\" \/>\n<meta property=\"og:site_name\" content=\"Marfret\" \/>\n<meta property=\"article:published_time\" content=\"2024-07-17T08:02:47+00:00\" \/>\n<meta property=\"article:modified_time\" content=\"2024-07-23T14:47:04+00:00\" \/>\n<meta property=\"og:image\" content=\"https:\/\/www.marfret.com\/app\/uploads\/2024\/07\/yvan_es.png\" \/>\n\t<meta property=\"og:image:width\" content=\"800\" \/>\n\t<meta property=\"og:image:height\" content=\"534\" \/>\n\t<meta property=\"og:image:type\" content=\"image\/png\" \/>\n<meta name=\"author\" content=\"Audrey Guedj\" \/>\n<meta name=\"twitter:card\" content=\"summary_large_image\" \/>\n<meta name=\"twitter:label1\" content=\"Written by\" \/>\n\t<meta name=\"twitter:data1\" content=\"Audrey Guedj\" \/>\n\t<meta name=\"twitter:label2\" content=\"Est. reading time\" \/>\n\t<meta name=\"twitter:data2\" content=\"2 minutes\" \/>\n<script type=\"application\/ld+json\" class=\"yoast-schema-graph\">{\"@context\":\"https:\\\/\\\/schema.org\",\"@graph\":[{\"@type\":\"Article\",\"@id\":\"https:\\\/\\\/www.marfret.com\\\/es\\\/news-es\\\/mis-en-avant-es\\\/exposicion-42-jours-yvan-salomone-del-25-de-junio-al-6-de-septiembre-de-2024\\\/#article\",\"isPartOf\":{\"@id\":\"https:\\\/\\\/www.marfret.com\\\/es\\\/news-es\\\/mis-en-avant-es\\\/exposicion-42-jours-yvan-salomone-del-25-de-junio-al-6-de-septiembre-de-2024\\\/\"},\"author\":{\"name\":\"Audrey Guedj\",\"@id\":\"https:\\\/\\\/www.marfret.com\\\/#\\\/schema\\\/person\\\/170122bf05b9fe94a3f093b926d162b5\"},\"headline\":\"EXPOSICI\u00d3N 42 JOURS, YVAN SALOMONE, DEL 25 DE JUNIO AL 6 DE SEPTIEMBRE DE 2024\",\"datePublished\":\"2024-07-17T08:02:47+00:00\",\"dateModified\":\"2024-07-23T14:47:04+00:00\",\"mainEntityOfPage\":{\"@id\":\"https:\\\/\\\/www.marfret.com\\\/es\\\/news-es\\\/mis-en-avant-es\\\/exposicion-42-jours-yvan-salomone-del-25-de-junio-al-6-de-septiembre-de-2024\\\/\"},\"wordCount\":238,\"image\":{\"@id\":\"https:\\\/\\\/www.marfret.com\\\/es\\\/news-es\\\/mis-en-avant-es\\\/exposicion-42-jours-yvan-salomone-del-25-de-junio-al-6-de-septiembre-de-2024\\\/#primaryimage\"},\"thumbnailUrl\":\"https:\\\/\\\/www.marfret.com\\\/app\\\/uploads\\\/2024\\\/07\\\/yvan_es.png\",\"articleSection\":[\"Mis en avant\",\"News\",\"Transport maritime\"],\"inLanguage\":\"es-ES\"},{\"@type\":\"WebPage\",\"@id\":\"https:\\\/\\\/www.marfret.com\\\/es\\\/news-es\\\/mis-en-avant-es\\\/exposicion-42-jours-yvan-salomone-del-25-de-junio-al-6-de-septiembre-de-2024\\\/\",\"url\":\"https:\\\/\\\/www.marfret.com\\\/es\\\/news-es\\\/mis-en-avant-es\\\/exposicion-42-jours-yvan-salomone-del-25-de-junio-al-6-de-septiembre-de-2024\\\/\",\"name\":\"EXPOSICI\u00d3N 42 JOURS, YVAN SALOMONE, DEL 25 DE JUNIO AL 6 DE SEPTIEMBRE DE 2024 | Marfret\",\"isPartOf\":{\"@id\":\"https:\\\/\\\/www.marfret.com\\\/#website\"},\"primaryImageOfPage\":{\"@id\":\"https:\\\/\\\/www.marfret.com\\\/es\\\/news-es\\\/mis-en-avant-es\\\/exposicion-42-jours-yvan-salomone-del-25-de-junio-al-6-de-septiembre-de-2024\\\/#primaryimage\"},\"image\":{\"@id\":\"https:\\\/\\\/www.marfret.com\\\/es\\\/news-es\\\/mis-en-avant-es\\\/exposicion-42-jours-yvan-salomone-del-25-de-junio-al-6-de-septiembre-de-2024\\\/#primaryimage\"},\"thumbnailUrl\":\"https:\\\/\\\/www.marfret.com\\\/app\\\/uploads\\\/2024\\\/07\\\/yvan_es.png\",\"datePublished\":\"2024-07-17T08:02:47+00:00\",\"dateModified\":\"2024-07-23T14:47:04+00:00\",\"author\":{\"@id\":\"https:\\\/\\\/www.marfret.com\\\/#\\\/schema\\\/person\\\/170122bf05b9fe94a3f093b926d162b5\"},\"description\":\"News Mis en avant, News, Transport maritime, EXPOSICI\u00d3N 42 JOURS, YVAN SALOMONE, DEL 25 DE JUNIO AL 6 DE SEPTIEMBRE DE 2024 | Marfret\",\"breadcrumb\":{\"@id\":\"https:\\\/\\\/www.marfret.com\\\/es\\\/news-es\\\/mis-en-avant-es\\\/exposicion-42-jours-yvan-salomone-del-25-de-junio-al-6-de-septiembre-de-2024\\\/#breadcrumb\"},\"inLanguage\":\"es-ES\",\"potentialAction\":[{\"@type\":\"ReadAction\",\"target\":[\"https:\\\/\\\/www.marfret.com\\\/es\\\/news-es\\\/mis-en-avant-es\\\/exposicion-42-jours-yvan-salomone-del-25-de-junio-al-6-de-septiembre-de-2024\\\/\"]}]},{\"@type\":\"ImageObject\",\"inLanguage\":\"es-ES\",\"@id\":\"https:\\\/\\\/www.marfret.com\\\/es\\\/news-es\\\/mis-en-avant-es\\\/exposicion-42-jours-yvan-salomone-del-25-de-junio-al-6-de-septiembre-de-2024\\\/#primaryimage\",\"url\":\"https:\\\/\\\/www.marfret.com\\\/app\\\/uploads\\\/2024\\\/07\\\/yvan_es.png\",\"contentUrl\":\"https:\\\/\\\/www.marfret.com\\\/app\\\/uploads\\\/2024\\\/07\\\/yvan_es.png\",\"width\":800,\"height\":534},{\"@type\":\"BreadcrumbList\",\"@id\":\"https:\\\/\\\/www.marfret.com\\\/es\\\/news-es\\\/mis-en-avant-es\\\/exposicion-42-jours-yvan-salomone-del-25-de-junio-al-6-de-septiembre-de-2024\\\/#breadcrumb\",\"itemListElement\":[{\"@type\":\"ListItem\",\"position\":1,\"name\":\"Accueil\",\"item\":\"https:\\\/\\\/www.marfret.com\\\/es\\\/\"},{\"@type\":\"ListItem\",\"position\":2,\"name\":\"News\",\"item\":\"https:\\\/\\\/www.marfret.com\\\/es\\\/news-es\\\/\"},{\"@type\":\"ListItem\",\"position\":3,\"name\":\"Mis en avant\",\"item\":\"https:\\\/\\\/www.marfret.com\\\/es\\\/news-es\\\/mis-en-avant-es\\\/\"},{\"@type\":\"ListItem\",\"position\":4,\"name\":\"EXPOSICI\u00d3N 42 JOURS, YVAN SALOMONE, DEL 25 DE JUNIO AL 6 DE SEPTIEMBRE DE 2024\"}]},{\"@type\":\"WebSite\",\"@id\":\"https:\\\/\\\/www.marfret.com\\\/#website\",\"url\":\"https:\\\/\\\/www.marfret.com\\\/\",\"name\":\"Marfret\",\"description\":\"Compagnie maritime\",\"potentialAction\":[{\"@type\":\"SearchAction\",\"target\":{\"@type\":\"EntryPoint\",\"urlTemplate\":\"https:\\\/\\\/www.marfret.com\\\/?s={search_term_string}\"},\"query-input\":{\"@type\":\"PropertyValueSpecification\",\"valueRequired\":true,\"valueName\":\"search_term_string\"}}],\"inLanguage\":\"es-ES\"},{\"@type\":\"Person\",\"@id\":\"https:\\\/\\\/www.marfret.com\\\/#\\\/schema\\\/person\\\/170122bf05b9fe94a3f093b926d162b5\",\"name\":\"Audrey Guedj\",\"image\":{\"@type\":\"ImageObject\",\"inLanguage\":\"es-ES\",\"@id\":\"https:\\\/\\\/secure.gravatar.com\\\/avatar\\\/7e5cf2142da1d3085417c72c7ce13b784dd58d2767f084a5a9b5204ce37065b1?s=96&d=mm&r=g\",\"url\":\"https:\\\/\\\/secure.gravatar.com\\\/avatar\\\/7e5cf2142da1d3085417c72c7ce13b784dd58d2767f084a5a9b5204ce37065b1?s=96&d=mm&r=g\",\"contentUrl\":\"https:\\\/\\\/secure.gravatar.com\\\/avatar\\\/7e5cf2142da1d3085417c72c7ce13b784dd58d2767f084a5a9b5204ce37065b1?s=96&d=mm&r=g\",\"caption\":\"Audrey Guedj\"},\"url\":\"https:\\\/\\\/www.marfret.com\\\/es\\\/author\\\/audrey-guedj\\\/\"}]}<\/script>\n<!-- \/ Yoast SEO plugin. -->","yoast_head_json":{"title":"EXPOSICI\u00d3N 42 JOURS, YVAN SALOMONE, DEL 25 DE JUNIO AL 6 DE SEPTIEMBRE DE 2024 | Marfret","description":"News Mis en avant, News, Transport maritime, EXPOSICI\u00d3N 42 JOURS, YVAN SALOMONE, DEL 25 DE JUNIO AL 6 DE SEPTIEMBRE DE 2024 | Marfret","robots":{"index":"index","follow":"follow","max-snippet":"max-snippet:-1","max-image-preview":"max-image-preview:large","max-video-preview":"max-video-preview:-1"},"canonical":"https:\/\/www.marfret.com\/es\/news-es\/mis-en-avant-es\/exposicion-42-jours-yvan-salomone-del-25-de-junio-al-6-de-septiembre-de-2024\/","og_locale":"es_ES","og_type":"article","og_title":"EXPOSICI\u00d3N 42 JOURS, YVAN SALOMONE, DEL 25 DE JUNIO AL 6 DE SEPTIEMBRE DE 2024 | Marfret","og_description":"News Mis en avant, News, Transport maritime, EXPOSICI\u00d3N 42 JOURS, YVAN SALOMONE, DEL 25 DE JUNIO AL 6 DE SEPTIEMBRE DE 2024 | Marfret","og_url":"https:\/\/www.marfret.com\/es\/news-es\/mis-en-avant-es\/exposicion-42-jours-yvan-salomone-del-25-de-junio-al-6-de-septiembre-de-2024\/","og_site_name":"Marfret","article_published_time":"2024-07-17T08:02:47+00:00","article_modified_time":"2024-07-23T14:47:04+00:00","og_image":[{"width":800,"height":534,"url":"https:\/\/www.marfret.com\/app\/uploads\/2024\/07\/yvan_es.png","type":"image\/png"}],"author":"Audrey Guedj","twitter_card":"summary_large_image","twitter_misc":{"Written by":"Audrey Guedj","Est. reading time":"2 minutes"},"schema":{"@context":"https:\/\/schema.org","@graph":[{"@type":"Article","@id":"https:\/\/www.marfret.com\/es\/news-es\/mis-en-avant-es\/exposicion-42-jours-yvan-salomone-del-25-de-junio-al-6-de-septiembre-de-2024\/#article","isPartOf":{"@id":"https:\/\/www.marfret.com\/es\/news-es\/mis-en-avant-es\/exposicion-42-jours-yvan-salomone-del-25-de-junio-al-6-de-septiembre-de-2024\/"},"author":{"name":"Audrey Guedj","@id":"https:\/\/www.marfret.com\/#\/schema\/person\/170122bf05b9fe94a3f093b926d162b5"},"headline":"EXPOSICI\u00d3N 42 JOURS, YVAN SALOMONE, DEL 25 DE JUNIO AL 6 DE SEPTIEMBRE DE 2024","datePublished":"2024-07-17T08:02:47+00:00","dateModified":"2024-07-23T14:47:04+00:00","mainEntityOfPage":{"@id":"https:\/\/www.marfret.com\/es\/news-es\/mis-en-avant-es\/exposicion-42-jours-yvan-salomone-del-25-de-junio-al-6-de-septiembre-de-2024\/"},"wordCount":238,"image":{"@id":"https:\/\/www.marfret.com\/es\/news-es\/mis-en-avant-es\/exposicion-42-jours-yvan-salomone-del-25-de-junio-al-6-de-septiembre-de-2024\/#primaryimage"},"thumbnailUrl":"https:\/\/www.marfret.com\/app\/uploads\/2024\/07\/yvan_es.png","articleSection":["Mis en avant","News","Transport maritime"],"inLanguage":"es-ES"},{"@type":"WebPage","@id":"https:\/\/www.marfret.com\/es\/news-es\/mis-en-avant-es\/exposicion-42-jours-yvan-salomone-del-25-de-junio-al-6-de-septiembre-de-2024\/","url":"https:\/\/www.marfret.com\/es\/news-es\/mis-en-avant-es\/exposicion-42-jours-yvan-salomone-del-25-de-junio-al-6-de-septiembre-de-2024\/","name":"EXPOSICI\u00d3N 42 JOURS, YVAN SALOMONE, DEL 25 DE JUNIO AL 6 DE SEPTIEMBRE DE 2024 | Marfret","isPartOf":{"@id":"https:\/\/www.marfret.com\/#website"},"primaryImageOfPage":{"@id":"https:\/\/www.marfret.com\/es\/news-es\/mis-en-avant-es\/exposicion-42-jours-yvan-salomone-del-25-de-junio-al-6-de-septiembre-de-2024\/#primaryimage"},"image":{"@id":"https:\/\/www.marfret.com\/es\/news-es\/mis-en-avant-es\/exposicion-42-jours-yvan-salomone-del-25-de-junio-al-6-de-septiembre-de-2024\/#primaryimage"},"thumbnailUrl":"https:\/\/www.marfret.com\/app\/uploads\/2024\/07\/yvan_es.png","datePublished":"2024-07-17T08:02:47+00:00","dateModified":"2024-07-23T14:47:04+00:00","author":{"@id":"https:\/\/www.marfret.com\/#\/schema\/person\/170122bf05b9fe94a3f093b926d162b5"},"description":"News Mis en avant, News, Transport maritime, EXPOSICI\u00d3N 42 JOURS, YVAN SALOMONE, DEL 25 DE JUNIO AL 6 DE SEPTIEMBRE DE 2024 | Marfret","breadcrumb":{"@id":"https:\/\/www.marfret.com\/es\/news-es\/mis-en-avant-es\/exposicion-42-jours-yvan-salomone-del-25-de-junio-al-6-de-septiembre-de-2024\/#breadcrumb"},"inLanguage":"es-ES","potentialAction":[{"@type":"ReadAction","target":["https:\/\/www.marfret.com\/es\/news-es\/mis-en-avant-es\/exposicion-42-jours-yvan-salomone-del-25-de-junio-al-6-de-septiembre-de-2024\/"]}]},{"@type":"ImageObject","inLanguage":"es-ES","@id":"https:\/\/www.marfret.com\/es\/news-es\/mis-en-avant-es\/exposicion-42-jours-yvan-salomone-del-25-de-junio-al-6-de-septiembre-de-2024\/#primaryimage","url":"https:\/\/www.marfret.com\/app\/uploads\/2024\/07\/yvan_es.png","contentUrl":"https:\/\/www.marfret.com\/app\/uploads\/2024\/07\/yvan_es.png","width":800,"height":534},{"@type":"BreadcrumbList","@id":"https:\/\/www.marfret.com\/es\/news-es\/mis-en-avant-es\/exposicion-42-jours-yvan-salomone-del-25-de-junio-al-6-de-septiembre-de-2024\/#breadcrumb","itemListElement":[{"@type":"ListItem","position":1,"name":"Accueil","item":"https:\/\/www.marfret.com\/es\/"},{"@type":"ListItem","position":2,"name":"News","item":"https:\/\/www.marfret.com\/es\/news-es\/"},{"@type":"ListItem","position":3,"name":"Mis en avant","item":"https:\/\/www.marfret.com\/es\/news-es\/mis-en-avant-es\/"},{"@type":"ListItem","position":4,"name":"EXPOSICI\u00d3N 42 JOURS, YVAN SALOMONE, DEL 25 DE JUNIO AL 6 DE SEPTIEMBRE DE 2024"}]},{"@type":"WebSite","@id":"https:\/\/www.marfret.com\/#website","url":"https:\/\/www.marfret.com\/","name":"Marfret","description":"Compagnie maritime","potentialAction":[{"@type":"SearchAction","target":{"@type":"EntryPoint","urlTemplate":"https:\/\/www.marfret.com\/?s={search_term_string}"},"query-input":{"@type":"PropertyValueSpecification","valueRequired":true,"valueName":"search_term_string"}}],"inLanguage":"es-ES"},{"@type":"Person","@id":"https:\/\/www.marfret.com\/#\/schema\/person\/170122bf05b9fe94a3f093b926d162b5","name":"Audrey Guedj","image":{"@type":"ImageObject","inLanguage":"es-ES","@id":"https:\/\/secure.gravatar.com\/avatar\/7e5cf2142da1d3085417c72c7ce13b784dd58d2767f084a5a9b5204ce37065b1?s=96&d=mm&r=g","url":"https:\/\/secure.gravatar.com\/avatar\/7e5cf2142da1d3085417c72c7ce13b784dd58d2767f084a5a9b5204ce37065b1?s=96&d=mm&r=g","contentUrl":"https:\/\/secure.gravatar.com\/avatar\/7e5cf2142da1d3085417c72c7ce13b784dd58d2767f084a5a9b5204ce37065b1?s=96&d=mm&r=g","caption":"Audrey Guedj"},"url":"https:\/\/www.marfret.com\/es\/author\/audrey-guedj\/"}]}},"_links":{"self":[{"href":"https:\/\/www.marfret.com\/es\/wp-json\/wp\/v2\/posts\/12933","targetHints":{"allow":["GET"]}}],"collection":[{"href":"https:\/\/www.marfret.com\/es\/wp-json\/wp\/v2\/posts"}],"about":[{"href":"https:\/\/www.marfret.com\/es\/wp-json\/wp\/v2\/types\/post"}],"author":[{"embeddable":true,"href":"https:\/\/www.marfret.com\/es\/wp-json\/wp\/v2\/users\/35"}],"replies":[{"embeddable":true,"href":"https:\/\/www.marfret.com\/es\/wp-json\/wp\/v2\/comments?post=12933"}],"version-history":[{"count":2,"href":"https:\/\/www.marfret.com\/es\/wp-json\/wp\/v2\/posts\/12933\/revisions"}],"predecessor-version":[{"id":13555,"href":"https:\/\/www.marfret.com\/es\/wp-json\/wp\/v2\/posts\/12933\/revisions\/13555"}],"wp:featuredmedia":[{"embeddable":true,"href":"https:\/\/www.marfret.com\/es\/wp-json\/wp\/v2\/media\/12934"}],"wp:attachment":[{"href":"https:\/\/www.marfret.com\/es\/wp-json\/wp\/v2\/media?parent=12933"}],"wp:term":[{"taxonomy":"category","embeddable":true,"href":"https:\/\/www.marfret.com\/es\/wp-json\/wp\/v2\/categories?post=12933"},{"taxonomy":"post_tag","embeddable":true,"href":"https:\/\/www.marfret.com\/es\/wp-json\/wp\/v2\/tags?post=12933"}],"curies":[{"name":"wp","href":"https:\/\/api.w.org\/{rel}","templated":true}]}}