{"id":11351,"date":"2024-05-24T09:47:11","date_gmt":"2024-05-24T07:47:11","guid":{"rendered":"https:\/\/marfret.epartenaire.com\/sin-categorizar\/marfret-et-villa-albertine-une-collaboration-transoceanique-au-service-de-lart\/"},"modified":"2024-05-24T09:47:13","modified_gmt":"2024-05-24T07:47:13","slug":"marfret-et-villa-albertine-une-collaboration-transoceanique-au-service-de-lart","status":"publish","type":"post","link":"https:\/\/www.marfret.com\/es\/newsletter\/marfret-et-villa-albertine-une-collaboration-transoceanique-au-service-de-lart\/","title":{"rendered":"Marfret et Villa Albertine, une collaboration transoc\u00e9anique au service de l\u2019art"},"content":{"rendered":"\n<p>Onirique, artistique, une nouvelle ligne maritime, l\u2019Atlantic-Pacific Artists Line\u00a0vient de voir le jour, n\u00e9e de la rencontre en juin 2023, \u00e0 New York, de Raymond Vidil, \u00ab\u00a0Art Mateur\u00a0\u00bb de Marfret, avec les \u00e9quipes de la Villa Albertine.<\/p>\n\n<p>Au m\u00eame titre que la Villa M\u00e9dicis \u00e0 Rome, Villa Albertine renouvelle en 2021, aux \u00c9tats-Unis, le concept de r\u00e9sidence d\u2019artistes qui essaime dans dix villes am\u00e9ricaines sous l\u2019impulsion du minist\u00e8re de l\u2019Europe et des Affaires \u00e9trang\u00e8res.<\/p>\n\n<p>Avec l\u2019eau comme conducteur d\u2019id\u00e9es et le navire vecteur d\u2019\u00e9motions, l\u2019Atlantic-Pacific Artists Line s\u2019appuie sur une ligne maritime bien r\u00e9elle, la\u00a0North Atlantic South Pacific (NASP), une ligne pendulaire et hebdomadaire de Marfret desservant 15 ports sur trois continents et traversant trois oc\u00e9ans.<\/p>\n\n<p>NASP relie Le Havre et Rotterdam \u00e0 Tahiti et \u00e0 la Nouvelle-Cal\u00e9donie, via les ports am\u00e9ricains de New York, Savannah en transitant par la Jama\u00efque avant de s\u2019\u00e9tirer jusqu\u2019en Australie et en Nouvelle-Z\u00e9lande. Sur cette boucle perp\u00e9tuelle de trois mois, les artistes, peintres, dessinateurs, \u00e9crivains, r\u00e9alisateurs, photographes, sont invit\u00e9s \u00e0 s\u00e9journer \u00e0 bord du Marius, sur le segment de leur choix. Des artistes s\u00e9lectionn\u00e9s notamment pour leur int\u00e9r\u00eat pour la vie maritime et les marins pour parler de la navigation en immersion.\u00a0 \u00a0\u00a0<\/p>\n\n<p>Dans le cadre de cette nouvelle collaboration, trois artistes, Pierre Buttin, Arno\u00a0Bertina et Gr\u00e9goire Korganow, ont voyag\u00e9 sur le navire de 195 m\u00e8tres en 2023 pour vivre une exp\u00e9rience in\u00e9dite au contact des marins et rencontrant les s\u00e9dentaires dans les agences.<\/p>\n\n<p>Six autres (*) franchiront la coup\u00e9e en 2024 au terme d\u2019une s\u00e9lection d\u2019un jury dans lequel si\u00e8gent V\u00e9ronique Passarelli et Audrey Guedj, deux collaboratrices de Marfret. \u00a0Au bout du voyage, des production originales, des artistes enrichis, enivr\u00e9s par l\u2019iode, par les panoramas \u00e9blouissants, en navigation et en escale, le cri des t\u00f4les d\u2019acier meurtries par les vagues quand vient le gros temps ou berc\u00e9s par la douceur d\u2019un coucher de soleil ou la vue d\u2019un banc de \u00ab\u00a0dauphins qui rient\u00a0\u00bb comme le d\u00e9crit si bien Pierre Buttin.<\/p>\n\n<p>De ses journ\u00e9es d\u2019embarquement, l\u2019illustrateur du New York Times et du New Yorker a produit un carnet de voyage de 12 dessins \u00e9gren\u00e9s dans le calendrier Marfret 2024. Des \u00e9motions, des moments uniques dans une vie, des r\u00e9sonnances et \u00e9chos avec l\u2019\u00e9quipage, heureux du regard port\u00e9 sur leur m\u00e9tier et leurs vies souvent perdues dans l\u2019ombre des terriens.<\/p>\n\n<p>Rejetant cette mondialisation des \u00e9changes d\u00e9shumanis\u00e9e, Marfret a jet\u00e9 une passerelle aux artistes d\u00e8s 2009, avec l\u2019accueil de la vid\u00e9aste Marie Reinert qui a produit le documentaire roll on roll off. De ses 42 jours de navigation, l\u2019aquarelliste Yvan Salomone a produit une s\u00e9rie de tableaux qui seront expos\u00e9s au printemps 2024 dans les nouveaux locaux de Marfret quai de la Joliette \u00e0 Marseille. Une s\u00e9lection d\u2019\u0153uvres des six artistes en r\u00e9sidence maritime sera expos\u00e9e au Mus\u00e9e de la Marine \u00e0 Paris en 2025, \u00e0 l\u2019occasion de la c\u00e9l\u00e9bration de l\u2019ann\u00e9e de la mer par la France.\u00a0<\/p>\n\n<p>(*) Les noms des 6 laur\u00e9ats seront d\u00e9voil\u00e9s le 23 janvier<\/p>\n","protected":false},"excerpt":{"rendered":"<p>Onirique, artistique, une nouvelle ligne maritime, l\u2019Atlantic-Pacific Artists Line\u00a0vient de voir le jour, n\u00e9e de la rencontre en juin 2023, \u00e0 New York, de Raymond Vidil, \u00ab\u00a0Art Mateur\u00a0\u00bb de Marfret, avec les \u00e9quipes de la Villa Albertine. Au m\u00eame titre que la Villa M\u00e9dicis \u00e0 Rome, Villa Albertine renouvelle en 2021, aux \u00c9tats-Unis, le concept [&hellip;]<\/p>\n","protected":false},"author":35,"featured_media":0,"comment_status":"closed","ping_status":"open","sticky":false,"template":"","format":"standard","meta":{"_acf_changed":false,"footnotes":""},"categories":[355],"tags":[],"class_list":["post-11351","post","type-post","status-publish","format-standard","hentry","category-newsletter"],"acf":[],"yoast_head":"<!-- This site is optimized with the Yoast SEO plugin v27.5 - https:\/\/yoast.com\/product\/yoast-seo-wordpress\/ -->\n<title>Marfret et Villa Albertine, une collaboration transoc\u00e9anique au service de l\u2019art | Marfret<\/title>\n<meta name=\"description\" content=\"News Newsletter, Marfret et Villa Albertine, une collaboration transoc\u00e9anique au service de l\u2019art | Marfret\" \/>\n<meta name=\"robots\" content=\"index, follow, max-snippet:-1, max-image-preview:large, max-video-preview:-1\" \/>\n<link rel=\"canonical\" href=\"https:\/\/www.marfret.com\/es\/newsletter\/marfret-et-villa-albertine-une-collaboration-transoceanique-au-service-de-lart\/\" \/>\n<meta property=\"og:locale\" content=\"es_ES\" \/>\n<meta property=\"og:type\" content=\"article\" \/>\n<meta property=\"og:title\" content=\"Marfret et Villa Albertine, une collaboration transoc\u00e9anique au service de l\u2019art | Marfret\" \/>\n<meta property=\"og:description\" content=\"News Newsletter, Marfret et Villa Albertine, une collaboration transoc\u00e9anique au service de l\u2019art | Marfret\" \/>\n<meta property=\"og:url\" content=\"https:\/\/www.marfret.com\/es\/newsletter\/marfret-et-villa-albertine-une-collaboration-transoceanique-au-service-de-lart\/\" \/>\n<meta property=\"og:site_name\" content=\"Marfret\" \/>\n<meta property=\"article:published_time\" content=\"2024-05-24T07:47:11+00:00\" \/>\n<meta property=\"article:modified_time\" content=\"2024-05-24T07:47:13+00:00\" \/>\n<meta name=\"author\" content=\"Audrey Guedj\" \/>\n<meta name=\"twitter:card\" content=\"summary_large_image\" \/>\n<meta name=\"twitter:label1\" content=\"Written by\" \/>\n\t<meta name=\"twitter:data1\" content=\"Audrey Guedj\" \/>\n\t<meta name=\"twitter:label2\" content=\"Est. reading time\" \/>\n\t<meta name=\"twitter:data2\" content=\"3 minutes\" \/>\n<script type=\"application\/ld+json\" class=\"yoast-schema-graph\">{\"@context\":\"https:\\\/\\\/schema.org\",\"@graph\":[{\"@type\":\"Article\",\"@id\":\"https:\\\/\\\/www.marfret.com\\\/es\\\/newsletter\\\/marfret-et-villa-albertine-une-collaboration-transoceanique-au-service-de-lart\\\/#article\",\"isPartOf\":{\"@id\":\"https:\\\/\\\/www.marfret.com\\\/es\\\/newsletter\\\/marfret-et-villa-albertine-une-collaboration-transoceanique-au-service-de-lart\\\/\"},\"author\":{\"name\":\"Audrey Guedj\",\"@id\":\"https:\\\/\\\/www.marfret.com\\\/#\\\/schema\\\/person\\\/170122bf05b9fe94a3f093b926d162b5\"},\"headline\":\"Marfret et Villa Albertine, une collaboration transoc\u00e9anique au service de l\u2019art\",\"datePublished\":\"2024-05-24T07:47:11+00:00\",\"dateModified\":\"2024-05-24T07:47:13+00:00\",\"mainEntityOfPage\":{\"@id\":\"https:\\\/\\\/www.marfret.com\\\/es\\\/newsletter\\\/marfret-et-villa-albertine-une-collaboration-transoceanique-au-service-de-lart\\\/\"},\"wordCount\":564,\"articleSection\":[\"Newsletter\"],\"inLanguage\":\"es-ES\"},{\"@type\":\"WebPage\",\"@id\":\"https:\\\/\\\/www.marfret.com\\\/es\\\/newsletter\\\/marfret-et-villa-albertine-une-collaboration-transoceanique-au-service-de-lart\\\/\",\"url\":\"https:\\\/\\\/www.marfret.com\\\/es\\\/newsletter\\\/marfret-et-villa-albertine-une-collaboration-transoceanique-au-service-de-lart\\\/\",\"name\":\"Marfret et Villa Albertine, une collaboration transoc\u00e9anique au service de l\u2019art | Marfret\",\"isPartOf\":{\"@id\":\"https:\\\/\\\/www.marfret.com\\\/#website\"},\"datePublished\":\"2024-05-24T07:47:11+00:00\",\"dateModified\":\"2024-05-24T07:47:13+00:00\",\"author\":{\"@id\":\"https:\\\/\\\/www.marfret.com\\\/#\\\/schema\\\/person\\\/170122bf05b9fe94a3f093b926d162b5\"},\"description\":\"News Newsletter, Marfret et Villa Albertine, une collaboration transoc\u00e9anique au service de l\u2019art | Marfret\",\"breadcrumb\":{\"@id\":\"https:\\\/\\\/www.marfret.com\\\/es\\\/newsletter\\\/marfret-et-villa-albertine-une-collaboration-transoceanique-au-service-de-lart\\\/#breadcrumb\"},\"inLanguage\":\"es-ES\",\"potentialAction\":[{\"@type\":\"ReadAction\",\"target\":[\"https:\\\/\\\/www.marfret.com\\\/es\\\/newsletter\\\/marfret-et-villa-albertine-une-collaboration-transoceanique-au-service-de-lart\\\/\"]}]},{\"@type\":\"BreadcrumbList\",\"@id\":\"https:\\\/\\\/www.marfret.com\\\/es\\\/newsletter\\\/marfret-et-villa-albertine-une-collaboration-transoceanique-au-service-de-lart\\\/#breadcrumb\",\"itemListElement\":[{\"@type\":\"ListItem\",\"position\":1,\"name\":\"Accueil\",\"item\":\"https:\\\/\\\/www.marfret.com\\\/es\\\/\"},{\"@type\":\"ListItem\",\"position\":2,\"name\":\"Newsletter\",\"item\":\"https:\\\/\\\/www.marfret.com\\\/es\\\/newsletter\\\/\"},{\"@type\":\"ListItem\",\"position\":3,\"name\":\"Marfret et Villa Albertine, une collaboration transoc\u00e9anique au service de l\u2019art\"}]},{\"@type\":\"WebSite\",\"@id\":\"https:\\\/\\\/www.marfret.com\\\/#website\",\"url\":\"https:\\\/\\\/www.marfret.com\\\/\",\"name\":\"Marfret\",\"description\":\"Compagnie maritime\",\"potentialAction\":[{\"@type\":\"SearchAction\",\"target\":{\"@type\":\"EntryPoint\",\"urlTemplate\":\"https:\\\/\\\/www.marfret.com\\\/?s={search_term_string}\"},\"query-input\":{\"@type\":\"PropertyValueSpecification\",\"valueRequired\":true,\"valueName\":\"search_term_string\"}}],\"inLanguage\":\"es-ES\"},{\"@type\":\"Person\",\"@id\":\"https:\\\/\\\/www.marfret.com\\\/#\\\/schema\\\/person\\\/170122bf05b9fe94a3f093b926d162b5\",\"name\":\"Audrey Guedj\",\"image\":{\"@type\":\"ImageObject\",\"inLanguage\":\"es-ES\",\"@id\":\"https:\\\/\\\/secure.gravatar.com\\\/avatar\\\/7e5cf2142da1d3085417c72c7ce13b784dd58d2767f084a5a9b5204ce37065b1?s=96&d=mm&r=g\",\"url\":\"https:\\\/\\\/secure.gravatar.com\\\/avatar\\\/7e5cf2142da1d3085417c72c7ce13b784dd58d2767f084a5a9b5204ce37065b1?s=96&d=mm&r=g\",\"contentUrl\":\"https:\\\/\\\/secure.gravatar.com\\\/avatar\\\/7e5cf2142da1d3085417c72c7ce13b784dd58d2767f084a5a9b5204ce37065b1?s=96&d=mm&r=g\",\"caption\":\"Audrey Guedj\"},\"url\":\"https:\\\/\\\/www.marfret.com\\\/es\\\/author\\\/audrey-guedj\\\/\"}]}<\/script>\n<!-- \/ Yoast SEO plugin. -->","yoast_head_json":{"title":"Marfret et Villa Albertine, une collaboration transoc\u00e9anique au service de l\u2019art | Marfret","description":"News Newsletter, Marfret et Villa Albertine, une collaboration transoc\u00e9anique au service de l\u2019art | Marfret","robots":{"index":"index","follow":"follow","max-snippet":"max-snippet:-1","max-image-preview":"max-image-preview:large","max-video-preview":"max-video-preview:-1"},"canonical":"https:\/\/www.marfret.com\/es\/newsletter\/marfret-et-villa-albertine-une-collaboration-transoceanique-au-service-de-lart\/","og_locale":"es_ES","og_type":"article","og_title":"Marfret et Villa Albertine, une collaboration transoc\u00e9anique au service de l\u2019art | Marfret","og_description":"News Newsletter, Marfret et Villa Albertine, une collaboration transoc\u00e9anique au service de l\u2019art | Marfret","og_url":"https:\/\/www.marfret.com\/es\/newsletter\/marfret-et-villa-albertine-une-collaboration-transoceanique-au-service-de-lart\/","og_site_name":"Marfret","article_published_time":"2024-05-24T07:47:11+00:00","article_modified_time":"2024-05-24T07:47:13+00:00","author":"Audrey Guedj","twitter_card":"summary_large_image","twitter_misc":{"Written by":"Audrey Guedj","Est. reading time":"3 minutes"},"schema":{"@context":"https:\/\/schema.org","@graph":[{"@type":"Article","@id":"https:\/\/www.marfret.com\/es\/newsletter\/marfret-et-villa-albertine-une-collaboration-transoceanique-au-service-de-lart\/#article","isPartOf":{"@id":"https:\/\/www.marfret.com\/es\/newsletter\/marfret-et-villa-albertine-une-collaboration-transoceanique-au-service-de-lart\/"},"author":{"name":"Audrey Guedj","@id":"https:\/\/www.marfret.com\/#\/schema\/person\/170122bf05b9fe94a3f093b926d162b5"},"headline":"Marfret et Villa Albertine, une collaboration transoc\u00e9anique au service de l\u2019art","datePublished":"2024-05-24T07:47:11+00:00","dateModified":"2024-05-24T07:47:13+00:00","mainEntityOfPage":{"@id":"https:\/\/www.marfret.com\/es\/newsletter\/marfret-et-villa-albertine-une-collaboration-transoceanique-au-service-de-lart\/"},"wordCount":564,"articleSection":["Newsletter"],"inLanguage":"es-ES"},{"@type":"WebPage","@id":"https:\/\/www.marfret.com\/es\/newsletter\/marfret-et-villa-albertine-une-collaboration-transoceanique-au-service-de-lart\/","url":"https:\/\/www.marfret.com\/es\/newsletter\/marfret-et-villa-albertine-une-collaboration-transoceanique-au-service-de-lart\/","name":"Marfret et Villa Albertine, une collaboration transoc\u00e9anique au service de l\u2019art | Marfret","isPartOf":{"@id":"https:\/\/www.marfret.com\/#website"},"datePublished":"2024-05-24T07:47:11+00:00","dateModified":"2024-05-24T07:47:13+00:00","author":{"@id":"https:\/\/www.marfret.com\/#\/schema\/person\/170122bf05b9fe94a3f093b926d162b5"},"description":"News Newsletter, Marfret et Villa Albertine, une collaboration transoc\u00e9anique au service de l\u2019art | Marfret","breadcrumb":{"@id":"https:\/\/www.marfret.com\/es\/newsletter\/marfret-et-villa-albertine-une-collaboration-transoceanique-au-service-de-lart\/#breadcrumb"},"inLanguage":"es-ES","potentialAction":[{"@type":"ReadAction","target":["https:\/\/www.marfret.com\/es\/newsletter\/marfret-et-villa-albertine-une-collaboration-transoceanique-au-service-de-lart\/"]}]},{"@type":"BreadcrumbList","@id":"https:\/\/www.marfret.com\/es\/newsletter\/marfret-et-villa-albertine-une-collaboration-transoceanique-au-service-de-lart\/#breadcrumb","itemListElement":[{"@type":"ListItem","position":1,"name":"Accueil","item":"https:\/\/www.marfret.com\/es\/"},{"@type":"ListItem","position":2,"name":"Newsletter","item":"https:\/\/www.marfret.com\/es\/newsletter\/"},{"@type":"ListItem","position":3,"name":"Marfret et Villa Albertine, une collaboration transoc\u00e9anique au service de l\u2019art"}]},{"@type":"WebSite","@id":"https:\/\/www.marfret.com\/#website","url":"https:\/\/www.marfret.com\/","name":"Marfret","description":"Compagnie maritime","potentialAction":[{"@type":"SearchAction","target":{"@type":"EntryPoint","urlTemplate":"https:\/\/www.marfret.com\/?s={search_term_string}"},"query-input":{"@type":"PropertyValueSpecification","valueRequired":true,"valueName":"search_term_string"}}],"inLanguage":"es-ES"},{"@type":"Person","@id":"https:\/\/www.marfret.com\/#\/schema\/person\/170122bf05b9fe94a3f093b926d162b5","name":"Audrey Guedj","image":{"@type":"ImageObject","inLanguage":"es-ES","@id":"https:\/\/secure.gravatar.com\/avatar\/7e5cf2142da1d3085417c72c7ce13b784dd58d2767f084a5a9b5204ce37065b1?s=96&d=mm&r=g","url":"https:\/\/secure.gravatar.com\/avatar\/7e5cf2142da1d3085417c72c7ce13b784dd58d2767f084a5a9b5204ce37065b1?s=96&d=mm&r=g","contentUrl":"https:\/\/secure.gravatar.com\/avatar\/7e5cf2142da1d3085417c72c7ce13b784dd58d2767f084a5a9b5204ce37065b1?s=96&d=mm&r=g","caption":"Audrey Guedj"},"url":"https:\/\/www.marfret.com\/es\/author\/audrey-guedj\/"}]}},"_links":{"self":[{"href":"https:\/\/www.marfret.com\/es\/wp-json\/wp\/v2\/posts\/11351","targetHints":{"allow":["GET"]}}],"collection":[{"href":"https:\/\/www.marfret.com\/es\/wp-json\/wp\/v2\/posts"}],"about":[{"href":"https:\/\/www.marfret.com\/es\/wp-json\/wp\/v2\/types\/post"}],"author":[{"embeddable":true,"href":"https:\/\/www.marfret.com\/es\/wp-json\/wp\/v2\/users\/35"}],"replies":[{"embeddable":true,"href":"https:\/\/www.marfret.com\/es\/wp-json\/wp\/v2\/comments?post=11351"}],"version-history":[{"count":3,"href":"https:\/\/www.marfret.com\/es\/wp-json\/wp\/v2\/posts\/11351\/revisions"}],"predecessor-version":[{"id":11354,"href":"https:\/\/www.marfret.com\/es\/wp-json\/wp\/v2\/posts\/11351\/revisions\/11354"}],"wp:attachment":[{"href":"https:\/\/www.marfret.com\/es\/wp-json\/wp\/v2\/media?parent=11351"}],"wp:term":[{"taxonomy":"category","embeddable":true,"href":"https:\/\/www.marfret.com\/es\/wp-json\/wp\/v2\/categories?post=11351"},{"taxonomy":"post_tag","embeddable":true,"href":"https:\/\/www.marfret.com\/es\/wp-json\/wp\/v2\/tags?post=11351"}],"curies":[{"name":"wp","href":"https:\/\/api.w.org\/{rel}","templated":true}]}}