{"id":13237,"date":"2024-07-19T12:51:55","date_gmt":"2024-07-19T10:51:55","guid":{"rendered":"https:\/\/www.marfret.com\/uncategorized\/le-marin-se-refait-une-beaute\/"},"modified":"2024-07-19T12:52:07","modified_gmt":"2024-07-19T10:52:07","slug":"le-marin-se-refait-une-beaute","status":"publish","type":"post","link":"https:\/\/www.marfret.com\/en\/uncategorized\/le-marin-se-refait-une-beaute\/","title":{"rendered":"Le Marin se refait une beaut\u00e9"},"content":{"rendered":"\n<p>Le Marin, navire roro d\u00e9di\u00e9 au service Ferrymar, a rejoint les chantiers navals Damen \u00e0 Dunkerque pour son dry dock p\u00e9riodique.\u00a0<br\/>Conscient du lien vital que Ferrymar constitue pour les territoires antillais,\u00a0Marfret\u00a0a pris la d\u00e9cision d\u2019assurer la continuit\u00e9 du service pendant l\u2019arr\u00eat technique du Marin en y affectant son autre navire roulier, le Marfret Niolon, qui a rejoint la zone d\u00e9but ao\u00fbt.<br\/> <br\/>Ferrymar, service hebdomadaire inter-\u00eeles d\u00e9velopp\u00e9 par Marfret depuis plus de 20 ans, est un v\u00e9ritable pont maritime entre la Guadeloupe, la Martinique, Saint Barth\u00e9l\u00e9my et Saint Martin et un formidable vecteur de croissanceau service des industries de ces \u00eeles. Trait d\u2019union entre quatre \u00e9conomies insulaires, chacune confront\u00e9e \u00e0 un march\u00e9 int\u00e9rieur par nature limit\u00e9, il permet d\u2019approcher le million de consommateurs, soit le seuil g\u00e9n\u00e9rateur d\u2019\u00e9conomies d\u2019\u00e9chelle.<br\/> <br\/>Le mode de manutention horizontale, au moyen de remorques routi\u00e8res manutentionn\u00e9es via la rampe axiale, est facile \u00e0 mettre en \u0153uvre et tr\u00e8s efficace. Cela permet \u00e0 nos clients transporteurs routiers d\u2019offrir des prestations en door-to-door avec des r\u00e9ceptions\/enl\u00e8vements de derni\u00e8re minute et des livraisons d\u00e8s le lendemain.<\/p>\n","protected":false},"excerpt":{"rendered":"<p>Le Marin, navire roro d\u00e9di\u00e9 au service Ferrymar, a rejoint les chantiers navals Damen \u00e0 Dunkerque pour son dry dock p\u00e9riodique.\u00a0Conscient du lien vital que Ferrymar constitue pour les territoires antillais,\u00a0Marfret\u00a0a pris la d\u00e9cision d\u2019assurer la continuit\u00e9 du service pendant l\u2019arr\u00eat technique du Marin en y affectant son autre navire roulier, le Marfret Niolon, qui [&hellip;]<\/p>\n","protected":false},"author":31,"featured_media":5590,"comment_status":"open","ping_status":"open","sticky":false,"template":"","format":"standard","meta":{"_acf_changed":false,"footnotes":""},"categories":[8],"tags":[],"class_list":["post-13237","post","type-post","status-publish","format-standard","has-post-thumbnail","hentry","category-uncategorized"],"acf":[],"yoast_head":"<!-- This site is optimized with the Yoast SEO plugin v27.5 - https:\/\/yoast.com\/product\/yoast-seo-wordpress\/ -->\n<title>Le Marin se refait une beaut\u00e9 | Marfret<\/title>\n<meta name=\"description\" content=\"News Uncategorized, Le Marin se refait une beaut\u00e9 | Marfret\" \/>\n<meta name=\"robots\" content=\"index, follow, max-snippet:-1, max-image-preview:large, max-video-preview:-1\" \/>\n<link rel=\"canonical\" href=\"https:\/\/www.marfret.com\/en\/uncategorized\/le-marin-se-refait-une-beaute\/\" \/>\n<meta property=\"og:locale\" content=\"en_US\" \/>\n<meta property=\"og:type\" content=\"article\" \/>\n<meta property=\"og:title\" content=\"Le Marin se refait une beaut\u00e9 | Marfret\" \/>\n<meta property=\"og:description\" content=\"News Uncategorized, Le Marin se refait une beaut\u00e9 | Marfret\" \/>\n<meta property=\"og:url\" content=\"https:\/\/www.marfret.com\/en\/uncategorized\/le-marin-se-refait-une-beaute\/\" \/>\n<meta property=\"og:site_name\" content=\"Marfret\" \/>\n<meta property=\"article:published_time\" content=\"2024-07-19T10:51:55+00:00\" \/>\n<meta property=\"article:modified_time\" content=\"2024-07-19T10:52:07+00:00\" \/>\n<meta property=\"og:image\" content=\"https:\/\/www.marfret.com\/app\/uploads\/2021\/09\/photo-marin-2.png\" \/>\n\t<meta property=\"og:image:width\" content=\"859\" \/>\n\t<meta property=\"og:image:height\" content=\"533\" \/>\n\t<meta property=\"og:image:type\" content=\"image\/png\" \/>\n<meta name=\"author\" content=\"J Baboulet\" \/>\n<meta name=\"twitter:card\" content=\"summary_large_image\" \/>\n<meta name=\"twitter:label1\" content=\"Written by\" \/>\n\t<meta name=\"twitter:data1\" content=\"J Baboulet\" \/>\n\t<meta name=\"twitter:label2\" content=\"Est. reading time\" \/>\n\t<meta name=\"twitter:data2\" content=\"1 minute\" \/>\n<script type=\"application\/ld+json\" class=\"yoast-schema-graph\">{\"@context\":\"https:\\\/\\\/schema.org\",\"@graph\":[{\"@type\":\"Article\",\"@id\":\"https:\\\/\\\/www.marfret.com\\\/en\\\/uncategorized\\\/le-marin-se-refait-une-beaute\\\/#article\",\"isPartOf\":{\"@id\":\"https:\\\/\\\/www.marfret.com\\\/en\\\/uncategorized\\\/le-marin-se-refait-une-beaute\\\/\"},\"author\":{\"name\":\"J Baboulet\",\"@id\":\"https:\\\/\\\/www.marfret.com\\\/#\\\/schema\\\/person\\\/d47fe796327326459c9883db52656a73\"},\"headline\":\"Le Marin se refait une beaut\u00e9\",\"datePublished\":\"2024-07-19T10:51:55+00:00\",\"dateModified\":\"2024-07-19T10:52:07+00:00\",\"mainEntityOfPage\":{\"@id\":\"https:\\\/\\\/www.marfret.com\\\/en\\\/uncategorized\\\/le-marin-se-refait-une-beaute\\\/\"},\"wordCount\":210,\"commentCount\":0,\"image\":{\"@id\":\"https:\\\/\\\/www.marfret.com\\\/en\\\/uncategorized\\\/le-marin-se-refait-une-beaute\\\/#primaryimage\"},\"thumbnailUrl\":\"https:\\\/\\\/www.marfret.com\\\/app\\\/uploads\\\/2021\\\/09\\\/photo-marin-2.png\",\"inLanguage\":\"en-US\",\"potentialAction\":[{\"@type\":\"CommentAction\",\"name\":\"Comment\",\"target\":[\"https:\\\/\\\/www.marfret.com\\\/en\\\/uncategorized\\\/le-marin-se-refait-une-beaute\\\/#respond\"]}]},{\"@type\":\"WebPage\",\"@id\":\"https:\\\/\\\/www.marfret.com\\\/en\\\/uncategorized\\\/le-marin-se-refait-une-beaute\\\/\",\"url\":\"https:\\\/\\\/www.marfret.com\\\/en\\\/uncategorized\\\/le-marin-se-refait-une-beaute\\\/\",\"name\":\"Le Marin se refait une beaut\u00e9 | Marfret\",\"isPartOf\":{\"@id\":\"https:\\\/\\\/www.marfret.com\\\/#website\"},\"primaryImageOfPage\":{\"@id\":\"https:\\\/\\\/www.marfret.com\\\/en\\\/uncategorized\\\/le-marin-se-refait-une-beaute\\\/#primaryimage\"},\"image\":{\"@id\":\"https:\\\/\\\/www.marfret.com\\\/en\\\/uncategorized\\\/le-marin-se-refait-une-beaute\\\/#primaryimage\"},\"thumbnailUrl\":\"https:\\\/\\\/www.marfret.com\\\/app\\\/uploads\\\/2021\\\/09\\\/photo-marin-2.png\",\"datePublished\":\"2024-07-19T10:51:55+00:00\",\"dateModified\":\"2024-07-19T10:52:07+00:00\",\"author\":{\"@id\":\"https:\\\/\\\/www.marfret.com\\\/#\\\/schema\\\/person\\\/d47fe796327326459c9883db52656a73\"},\"description\":\"News Uncategorized, Le Marin se refait une beaut\u00e9 | Marfret\",\"breadcrumb\":{\"@id\":\"https:\\\/\\\/www.marfret.com\\\/en\\\/uncategorized\\\/le-marin-se-refait-une-beaute\\\/#breadcrumb\"},\"inLanguage\":\"en-US\",\"potentialAction\":[{\"@type\":\"ReadAction\",\"target\":[\"https:\\\/\\\/www.marfret.com\\\/en\\\/uncategorized\\\/le-marin-se-refait-une-beaute\\\/\"]}]},{\"@type\":\"ImageObject\",\"inLanguage\":\"en-US\",\"@id\":\"https:\\\/\\\/www.marfret.com\\\/en\\\/uncategorized\\\/le-marin-se-refait-une-beaute\\\/#primaryimage\",\"url\":\"https:\\\/\\\/www.marfret.com\\\/app\\\/uploads\\\/2021\\\/09\\\/photo-marin-2.png\",\"contentUrl\":\"https:\\\/\\\/www.marfret.com\\\/app\\\/uploads\\\/2021\\\/09\\\/photo-marin-2.png\",\"width\":859,\"height\":533},{\"@type\":\"BreadcrumbList\",\"@id\":\"https:\\\/\\\/www.marfret.com\\\/en\\\/uncategorized\\\/le-marin-se-refait-une-beaute\\\/#breadcrumb\",\"itemListElement\":[{\"@type\":\"ListItem\",\"position\":1,\"name\":\"Accueil\",\"item\":\"https:\\\/\\\/www.marfret.com\\\/en\\\/\"},{\"@type\":\"ListItem\",\"position\":2,\"name\":\"Uncategorized\",\"item\":\"https:\\\/\\\/www.marfret.com\\\/en\\\/uncategorized\\\/\"},{\"@type\":\"ListItem\",\"position\":3,\"name\":\"Le Marin se refait une beaut\u00e9\"}]},{\"@type\":\"WebSite\",\"@id\":\"https:\\\/\\\/www.marfret.com\\\/#website\",\"url\":\"https:\\\/\\\/www.marfret.com\\\/\",\"name\":\"Marfret\",\"description\":\"Compagnie maritime\",\"potentialAction\":[{\"@type\":\"SearchAction\",\"target\":{\"@type\":\"EntryPoint\",\"urlTemplate\":\"https:\\\/\\\/www.marfret.com\\\/?s={search_term_string}\"},\"query-input\":{\"@type\":\"PropertyValueSpecification\",\"valueRequired\":true,\"valueName\":\"search_term_string\"}}],\"inLanguage\":\"en-US\"},{\"@type\":\"Person\",\"@id\":\"https:\\\/\\\/www.marfret.com\\\/#\\\/schema\\\/person\\\/d47fe796327326459c9883db52656a73\",\"name\":\"J Baboulet\",\"image\":{\"@type\":\"ImageObject\",\"inLanguage\":\"en-US\",\"@id\":\"https:\\\/\\\/secure.gravatar.com\\\/avatar\\\/076ebcefe00f9d7b3ea0d71aca5c4502422c5ca267cd26b4ebd99157d2dac8e0?s=96&d=mm&r=g\",\"url\":\"https:\\\/\\\/secure.gravatar.com\\\/avatar\\\/076ebcefe00f9d7b3ea0d71aca5c4502422c5ca267cd26b4ebd99157d2dac8e0?s=96&d=mm&r=g\",\"contentUrl\":\"https:\\\/\\\/secure.gravatar.com\\\/avatar\\\/076ebcefe00f9d7b3ea0d71aca5c4502422c5ca267cd26b4ebd99157d2dac8e0?s=96&d=mm&r=g\",\"caption\":\"J Baboulet\"},\"url\":\"https:\\\/\\\/www.marfret.com\\\/en\\\/author\\\/baboulet\\\/\"}]}<\/script>\n<!-- \/ Yoast SEO plugin. -->","yoast_head_json":{"title":"Le Marin se refait une beaut\u00e9 | Marfret","description":"News Uncategorized, Le Marin se refait une beaut\u00e9 | Marfret","robots":{"index":"index","follow":"follow","max-snippet":"max-snippet:-1","max-image-preview":"max-image-preview:large","max-video-preview":"max-video-preview:-1"},"canonical":"https:\/\/www.marfret.com\/en\/uncategorized\/le-marin-se-refait-une-beaute\/","og_locale":"en_US","og_type":"article","og_title":"Le Marin se refait une beaut\u00e9 | Marfret","og_description":"News Uncategorized, Le Marin se refait une beaut\u00e9 | Marfret","og_url":"https:\/\/www.marfret.com\/en\/uncategorized\/le-marin-se-refait-une-beaute\/","og_site_name":"Marfret","article_published_time":"2024-07-19T10:51:55+00:00","article_modified_time":"2024-07-19T10:52:07+00:00","og_image":[{"width":859,"height":533,"url":"https:\/\/www.marfret.com\/app\/uploads\/2021\/09\/photo-marin-2.png","type":"image\/png"}],"author":"J Baboulet","twitter_card":"summary_large_image","twitter_misc":{"Written by":"J Baboulet","Est. reading time":"1 minute"},"schema":{"@context":"https:\/\/schema.org","@graph":[{"@type":"Article","@id":"https:\/\/www.marfret.com\/en\/uncategorized\/le-marin-se-refait-une-beaute\/#article","isPartOf":{"@id":"https:\/\/www.marfret.com\/en\/uncategorized\/le-marin-se-refait-une-beaute\/"},"author":{"name":"J Baboulet","@id":"https:\/\/www.marfret.com\/#\/schema\/person\/d47fe796327326459c9883db52656a73"},"headline":"Le Marin se refait une beaut\u00e9","datePublished":"2024-07-19T10:51:55+00:00","dateModified":"2024-07-19T10:52:07+00:00","mainEntityOfPage":{"@id":"https:\/\/www.marfret.com\/en\/uncategorized\/le-marin-se-refait-une-beaute\/"},"wordCount":210,"commentCount":0,"image":{"@id":"https:\/\/www.marfret.com\/en\/uncategorized\/le-marin-se-refait-une-beaute\/#primaryimage"},"thumbnailUrl":"https:\/\/www.marfret.com\/app\/uploads\/2021\/09\/photo-marin-2.png","inLanguage":"en-US","potentialAction":[{"@type":"CommentAction","name":"Comment","target":["https:\/\/www.marfret.com\/en\/uncategorized\/le-marin-se-refait-une-beaute\/#respond"]}]},{"@type":"WebPage","@id":"https:\/\/www.marfret.com\/en\/uncategorized\/le-marin-se-refait-une-beaute\/","url":"https:\/\/www.marfret.com\/en\/uncategorized\/le-marin-se-refait-une-beaute\/","name":"Le Marin se refait une beaut\u00e9 | Marfret","isPartOf":{"@id":"https:\/\/www.marfret.com\/#website"},"primaryImageOfPage":{"@id":"https:\/\/www.marfret.com\/en\/uncategorized\/le-marin-se-refait-une-beaute\/#primaryimage"},"image":{"@id":"https:\/\/www.marfret.com\/en\/uncategorized\/le-marin-se-refait-une-beaute\/#primaryimage"},"thumbnailUrl":"https:\/\/www.marfret.com\/app\/uploads\/2021\/09\/photo-marin-2.png","datePublished":"2024-07-19T10:51:55+00:00","dateModified":"2024-07-19T10:52:07+00:00","author":{"@id":"https:\/\/www.marfret.com\/#\/schema\/person\/d47fe796327326459c9883db52656a73"},"description":"News Uncategorized, Le Marin se refait une beaut\u00e9 | Marfret","breadcrumb":{"@id":"https:\/\/www.marfret.com\/en\/uncategorized\/le-marin-se-refait-une-beaute\/#breadcrumb"},"inLanguage":"en-US","potentialAction":[{"@type":"ReadAction","target":["https:\/\/www.marfret.com\/en\/uncategorized\/le-marin-se-refait-une-beaute\/"]}]},{"@type":"ImageObject","inLanguage":"en-US","@id":"https:\/\/www.marfret.com\/en\/uncategorized\/le-marin-se-refait-une-beaute\/#primaryimage","url":"https:\/\/www.marfret.com\/app\/uploads\/2021\/09\/photo-marin-2.png","contentUrl":"https:\/\/www.marfret.com\/app\/uploads\/2021\/09\/photo-marin-2.png","width":859,"height":533},{"@type":"BreadcrumbList","@id":"https:\/\/www.marfret.com\/en\/uncategorized\/le-marin-se-refait-une-beaute\/#breadcrumb","itemListElement":[{"@type":"ListItem","position":1,"name":"Accueil","item":"https:\/\/www.marfret.com\/en\/"},{"@type":"ListItem","position":2,"name":"Uncategorized","item":"https:\/\/www.marfret.com\/en\/uncategorized\/"},{"@type":"ListItem","position":3,"name":"Le Marin se refait une beaut\u00e9"}]},{"@type":"WebSite","@id":"https:\/\/www.marfret.com\/#website","url":"https:\/\/www.marfret.com\/","name":"Marfret","description":"Compagnie maritime","potentialAction":[{"@type":"SearchAction","target":{"@type":"EntryPoint","urlTemplate":"https:\/\/www.marfret.com\/?s={search_term_string}"},"query-input":{"@type":"PropertyValueSpecification","valueRequired":true,"valueName":"search_term_string"}}],"inLanguage":"en-US"},{"@type":"Person","@id":"https:\/\/www.marfret.com\/#\/schema\/person\/d47fe796327326459c9883db52656a73","name":"J Baboulet","image":{"@type":"ImageObject","inLanguage":"en-US","@id":"https:\/\/secure.gravatar.com\/avatar\/076ebcefe00f9d7b3ea0d71aca5c4502422c5ca267cd26b4ebd99157d2dac8e0?s=96&d=mm&r=g","url":"https:\/\/secure.gravatar.com\/avatar\/076ebcefe00f9d7b3ea0d71aca5c4502422c5ca267cd26b4ebd99157d2dac8e0?s=96&d=mm&r=g","contentUrl":"https:\/\/secure.gravatar.com\/avatar\/076ebcefe00f9d7b3ea0d71aca5c4502422c5ca267cd26b4ebd99157d2dac8e0?s=96&d=mm&r=g","caption":"J Baboulet"},"url":"https:\/\/www.marfret.com\/en\/author\/baboulet\/"}]}},"_links":{"self":[{"href":"https:\/\/www.marfret.com\/en\/wp-json\/wp\/v2\/posts\/13237","targetHints":{"allow":["GET"]}}],"collection":[{"href":"https:\/\/www.marfret.com\/en\/wp-json\/wp\/v2\/posts"}],"about":[{"href":"https:\/\/www.marfret.com\/en\/wp-json\/wp\/v2\/types\/post"}],"author":[{"embeddable":true,"href":"https:\/\/www.marfret.com\/en\/wp-json\/wp\/v2\/users\/31"}],"replies":[{"embeddable":true,"href":"https:\/\/www.marfret.com\/en\/wp-json\/wp\/v2\/comments?post=13237"}],"version-history":[{"count":5,"href":"https:\/\/www.marfret.com\/en\/wp-json\/wp\/v2\/posts\/13237\/revisions"}],"predecessor-version":[{"id":13245,"href":"https:\/\/www.marfret.com\/en\/wp-json\/wp\/v2\/posts\/13237\/revisions\/13245"}],"wp:featuredmedia":[{"embeddable":true,"href":"https:\/\/www.marfret.com\/en\/wp-json\/wp\/v2\/media\/5590"}],"wp:attachment":[{"href":"https:\/\/www.marfret.com\/en\/wp-json\/wp\/v2\/media?parent=13237"}],"wp:term":[{"taxonomy":"category","embeddable":true,"href":"https:\/\/www.marfret.com\/en\/wp-json\/wp\/v2\/categories?post=13237"},{"taxonomy":"post_tag","embeddable":true,"href":"https:\/\/www.marfret.com\/en\/wp-json\/wp\/v2\/tags?post=13237"}],"curies":[{"name":"wp","href":"https:\/\/api.w.org\/{rel}","templated":true}]}}